{"id":23416,"date":"2026-04-26T07:00:09","date_gmt":"2026-04-26T05:00:09","guid":{"rendered":"https:\/\/www.christus-gemeinde.net\/cms\/?p=23416"},"modified":"2026-04-26T07:07:28","modified_gmt":"2026-04-26T05:07:28","slug":"gemeindewanderung-bei-schoeningen","status":"publish","type":"post","link":"https:\/\/www.christus-gemeinde.net\/cms\/home\/news\/gemeindewanderung-bei-schoeningen\/","title":{"rendered":"Gemeindewanderung bei Sch\u00f6ningen"},"content":{"rendered":"\n<p>Am Samstag, den 25.04.2026, f\u00fchrte uns die Gemeindewanderung dieses Mal in die N\u00e4he von Sch\u00f6ningen.<\/p>\n\n\n\n<p>Zu Beginn war es zwar noch etwas k\u00fchl. Im Verlauf der Wanderung durch den Elm wurde es aber w\u00e4rmer und bei Sonnenschein hatten die 17 Teilnehmerinnen und Teilnehmer eine sch\u00f6ne gemeinsame Zeit in der Natur.<\/p>\n\n\n\n<p>Die Mittagspause legten wir im Karl-May-Tal ein. <\/p>\n\n\n\n<p>Das Gruppenbild nahmen dann am Waldelefanten auf, einer naturgetreuen Nachbildung des gr\u00f6\u00dften Elefanten, der je auf unserer Erde gelebt hat.<\/p>\n\n\n\n<p>Wie \u00fcblich endete die Wanderung mit einem gemeinsamen Einkehren: In einem Caf\u00e9 in Sch\u00f6ningen st\u00e4rkten wir uns wahlweise mit Eis oder Kuchen.<\/p>\n\n\n\n<p>Ben Peters | 26.04.2025, 07:00<\/p>\n","protected":false},"excerpt":{"rendered":"<p>Die Wanderung f\u00fchrte dieses Mal durch den Elm.<\/p>\n","protected":false},"author":3,"featured_media":23414,"comment_status":"open","ping_status":"open","sticky":false,"template":"","format":"standard","meta":{"h5ap_radio_sources":[],"footnotes":""},"categories":[40,36],"tags":[],"class_list":["post-23416","post","type-post","status-publish","format-standard","has-post-thumbnail","hentry","category-home","category-news"],"aioseo_notices":[],"_links":{"self":[{"href":"https:\/\/www.christus-gemeinde.net\/cms\/wp-json\/wp\/v2\/posts\/23416","targetHints":{"allow":["GET"]}}],"collection":[{"href":"https:\/\/www.christus-gemeinde.net\/cms\/wp-json\/wp\/v2\/posts"}],"about":[{"href":"https:\/\/www.christus-gemeinde.net\/cms\/wp-json\/wp\/v2\/types\/post"}],"author":[{"embeddable":true,"href":"https:\/\/www.christus-gemeinde.net\/cms\/wp-json\/wp\/v2\/users\/3"}],"replies":[{"embeddable":true,"href":"https:\/\/www.christus-gemeinde.net\/cms\/wp-json\/wp\/v2\/comments?post=23416"}],"version-history":[{"count":3,"href":"https:\/\/www.christus-gemeinde.net\/cms\/wp-json\/wp\/v2\/posts\/23416\/revisions"}],"predecessor-version":[{"id":23420,"href":"https:\/\/www.christus-gemeinde.net\/cms\/wp-json\/wp\/v2\/posts\/23416\/revisions\/23420"}],"wp:featuredmedia":[{"embeddable":true,"href":"https:\/\/www.christus-gemeinde.net\/cms\/wp-json\/wp\/v2\/media\/23414"}],"wp:attachment":[{"href":"https:\/\/www.christus-gemeinde.net\/cms\/wp-json\/wp\/v2\/media?parent=23416"}],"wp:term":[{"taxonomy":"category","embeddable":true,"href":"https:\/\/www.christus-gemeinde.net\/cms\/wp-json\/wp\/v2\/categories?post=23416"},{"taxonomy":"post_tag","embeddable":true,"href":"https:\/\/www.christus-gemeinde.net\/cms\/wp-json\/wp\/v2\/tags?post=23416"}],"curies":[{"name":"wp","href":"https:\/\/api.w.org\/{rel}","templated":true}]}}